{"id":2913,"date":"2017-08-05T15:30:19","date_gmt":"2017-08-05T20:30:19","guid":{"rendered":"http:\/\/www.luizmendes.org\/wordpress\/?p=2913"},"modified":"2017-10-14T13:12:22","modified_gmt":"2017-10-14T18:12:22","slug":"oracao-de-sao-francisco-de-assis","status":"publish","type":"post","link":"https:\/\/www.luizmendes.org\/wordpress\/oracao-de-sao-francisco-de-assis\/","title":{"rendered":"Ora\u00e7\u00e3o de S\u00e3o Francisco de Assis"},"content":{"rendered":"<p><strong>Ora\u00e7\u00e3o de S\u00e3o Francisco de Assis <\/strong><\/p>\n<p>Senhor,<br \/>\nFazei-me um instrumento de vossa paz<br \/>\nOnde houver \u00f3dio que eu leve o amor<br \/>\nOnde houver ofensa que eu leve o perd\u00e3o<br \/>\nOnde houver disc\u00f3rdia que eu leve a uni\u00e3o<br \/>\nOnde houver d\u00favidas que eu leve a f\u00e9<br \/>\nOnde houver erro que eu leve a verdade<br \/>\nOnde houver desespero que eu leve a esperan\u00e7a<br \/>\nOnde tristeza que eu leve a alegria<br \/>\nOnde houver trevas que eu leve a luz<\/p>\n<p>Oh! Mestre,<br \/>\nFazei que eu procure mais<br \/>\nConsolar que ser consolado<br \/>\nCompreender que ser compreendido<br \/>\nAmar que ser amado<br \/>\nPois \u00e9 dando que se recebe<br \/>\n\u00c9 perdoando que se \u00e9 perdoado<br \/>\nE \u00e9 morrendo que se vive\u00a0 Para a Vida Eterna.<\/p>\n<p>&nbsp;<\/p>\n<div class=\"track\"><span class=\"songtitle\">Ora\u00e7\u00e3o de S\u00e3o Francisco de Assis<\/span><span class=\"audiobutton\"><\/span><div class=\"albumtrack\" style=\"visibility:hidden;\"><!--[if lt IE 9]><script>document.createElement('audio');<\/script><![endif]-->\n<audio class=\"wp-audio-shortcode\" id=\"audio-2913-1\" preload=\"metadata\" style=\"width: 100%;\" controls=\"controls\"><source type=\"audio\/mpeg\" src=\"http:\/\/luizmendes.org\/biblioteca\/Ora%C3%A7%C3%A3o%20de%20S%C3%A3o%20Francisco.mp3?_=1\" \/><a href=\"http:\/\/luizmendes.org\/biblioteca\/Ora%C3%A7%C3%A3o%20de%20S%C3%A3o%20Francisco.mp3\">http:\/\/luizmendes.org\/biblioteca\/Ora%C3%A7%C3%A3o%20de%20S%C3%A3o%20Francisco.mp3<\/a><\/audio><\/div><\/div>\n","protected":false},"excerpt":{"rendered":"<p>Ora\u00e7\u00e3o de S\u00e3o Francisco de Assis Senhor, Fazei-me um instrumento de vossa paz Onde houver \u00f3dio que eu leve o amor Onde houver ofensa que eu leve o perd\u00e3o Onde houver disc\u00f3rdia que eu leve a uni\u00e3o Onde houver d\u00favidas que eu leve a f\u00e9 Onde houver erro que eu leve a verdade Onde houver <a href=\"https:\/\/www.luizmendes.org\/wordpress\/oracao-de-sao-francisco-de-assis\/\" rel=\"nofollow\"><span class=\"sr-only\">Read more about Ora\u00e7\u00e3o de S\u00e3o Francisco de Assis<\/span>[&hellip;]<\/a><\/p>\n","protected":false},"author":14,"featured_media":0,"comment_status":"closed","ping_status":"closed","sticky":false,"template":"","format":"standard","meta":{"footnotes":"","_links_to":"","_links_to_target":""},"categories":[120,135],"tags":[],"class_list":["post-2913","post","type-post","status-publish","format-standard","hentry","category-biblioteca","category-sem-categoria-pt"],"_links":{"self":[{"href":"https:\/\/www.luizmendes.org\/wordpress\/wp-json\/wp\/v2\/posts\/2913"}],"collection":[{"href":"https:\/\/www.luizmendes.org\/wordpress\/wp-json\/wp\/v2\/posts"}],"about":[{"href":"https:\/\/www.luizmendes.org\/wordpress\/wp-json\/wp\/v2\/types\/post"}],"author":[{"embeddable":true,"href":"https:\/\/www.luizmendes.org\/wordpress\/wp-json\/wp\/v2\/users\/14"}],"replies":[{"embeddable":true,"href":"https:\/\/www.luizmendes.org\/wordpress\/wp-json\/wp\/v2\/comments?post=2913"}],"version-history":[{"count":3,"href":"https:\/\/www.luizmendes.org\/wordpress\/wp-json\/wp\/v2\/posts\/2913\/revisions"}],"predecessor-version":[{"id":2917,"href":"https:\/\/www.luizmendes.org\/wordpress\/wp-json\/wp\/v2\/posts\/2913\/revisions\/2917"}],"wp:attachment":[{"href":"https:\/\/www.luizmendes.org\/wordpress\/wp-json\/wp\/v2\/media?parent=2913"}],"wp:term":[{"taxonomy":"category","embeddable":true,"href":"https:\/\/www.luizmendes.org\/wordpress\/wp-json\/wp\/v2\/categories?post=2913"},{"taxonomy":"post_tag","embeddable":true,"href":"https:\/\/www.luizmendes.org\/wordpress\/wp-json\/wp\/v2\/tags?post=2913"}],"curies":[{"name":"wp","href":"https:\/\/api.w.org\/{rel}","templated":true}]}}