{"id":3089,"date":"2017-12-13T12:01:06","date_gmt":"2017-12-13T17:01:06","guid":{"rendered":"http:\/\/www.luizmendes.org\/wordpress\/?p=3089"},"modified":"2017-12-13T12:01:06","modified_gmt":"2017-12-13T17:01:06","slug":"teteo-2017-eng","status":"publish","type":"post","link":"https:\/\/www.luizmendes.org\/wordpress\/teteo-2017-eng\/","title":{"rendered":"Francisco Fernando Filho, o Tet\u00e9o"},"content":{"rendered":"<p style=\"text-align: center;\"><a href=\"https:\/\/www.luizmendes.org\/wordpress\/wp-content\/uploads\/2017\/04\/foto-teteu.jpg\"><img loading=\"lazy\" decoding=\"async\" class=\"alignnone size-medium wp-image-2585\" src=\"https:\/\/www.luizmendes.org\/wordpress\/wp-content\/uploads\/2017\/04\/foto-teteu-262x300.jpg\" alt=\"\" width=\"262\" height=\"300\" srcset=\"https:\/\/www.luizmendes.org\/wordpress\/wp-content\/uploads\/2017\/04\/foto-teteu-262x300.jpg 262w, https:\/\/www.luizmendes.org\/wordpress\/wp-content\/uploads\/2017\/04\/foto-teteu.jpg 321w\" sizes=\"(max-width: 262px) 100vw, 262px\" \/><\/a><\/p>\n<p>2017 is the commemorative year of the Centenary of Francisco Fernando Filho, \u201cTet\u00e9o\u201d, was born in December 13th of 1917.<\/p>\n<p>Here in the material plane, Tet\u00e9o\u2019s principal mission was to encounter the Doctrine of the Santo Daime in the mid-sixties when he met his Master Raimundo Irineu Serra, \u201cJuramidam\u201d. With the passage of Mestre in 1971, Tet\u00e9o served alongside Le\u00f4ncio Gomes who was appointed by Mestre to preside over the works in Alto Santo.<\/p>\n<p>Tet\u00e9o\u2019s spiritual pursuit was to become a good brother, well disciplined in the lines of the Queen of the Forest. Through the Daime, he sought the light of understanding. In the Daime, he sought everything. This is why he sings \u201c\u00c9 um, \u00e9 dois, \u00e9 tr\u00eas, \u00e9 quatro, \u00e9 cinco, \u00e9 seis, quem nao tiver compreendendo, tome Daime outra vez\u201d. In this hymn he says, if you did not understand the first time, the second, the third, the fourth, the fifth, the sixth, then drink Daime again.<\/p>\n<p>Tet\u00e9o always sought to be in solidarity with his brothers and sisters, especially during times of suffering. Whenever a brother or sister fell ill, Tet\u00e9o would be by their side to help them with their healing. In his hin\u00e1rio, he advises us of the importance of being in concentration and prayer to assist and bring comfort to those that are suffering by saying: \u201cAdoece um irm\u00e3o e ningu\u00e9m faz concentra\u00e7\u00e3o, a bem da sa\u00fade dele, e d\u00e1 conforto a seu irm\u00e3o\u201d.<\/p>\n<p>For this and much more he received from Mestre the title of \u201cAssessor\u201d, the advisor, strengthening the Doctrine and each one of us.<\/p>\n<p>Singing his hin\u00e1rio o \u201cAssessor\u201d for the 1st time in New York promoted by CEFLINA (Sol Sagrado) it is part of this commemorative event.<\/p>\n<p style=\"text-align: right;\"><strong><em>Saturnino<\/em><\/strong><br \/>\n<strong><em> President of CEFLI<\/em><\/strong><\/p>\n","protected":false},"excerpt":{"rendered":"<p>2017 is the commemorative year of the Centenary of Francisco Fernando Filho, \u201cTet\u00e9o\u201d, was born in December 13th of 1917. Here in the material plane, Tet\u00e9o\u2019s principal mission was to encounter the Doctrine of the Santo Daime in the mid-sixties when he met his Master Raimundo Irineu Serra, \u201cJuramidam\u201d. With the passage of Mestre in <a href=\"https:\/\/www.luizmendes.org\/wordpress\/teteo-2017-eng\/\" rel=\"nofollow\"><span class=\"sr-only\">Read more about Francisco Fernando Filho, o Tet\u00e9o<\/span>[&hellip;]<\/a><\/p>\n","protected":false},"author":14,"featured_media":2585,"comment_status":"closed","ping_status":"closed","sticky":false,"template":"","format":"standard","meta":{"footnotes":"","_links_to":"","_links_to_target":""},"categories":[203,205],"tags":[],"class_list":["post-3089","post","type-post","status-publish","format-standard","has-post-thumbnail","hentry","category-messages-from-the-president","category-saturnino-brito-en"],"_links":{"self":[{"href":"https:\/\/www.luizmendes.org\/wordpress\/wp-json\/wp\/v2\/posts\/3089"}],"collection":[{"href":"https:\/\/www.luizmendes.org\/wordpress\/wp-json\/wp\/v2\/posts"}],"about":[{"href":"https:\/\/www.luizmendes.org\/wordpress\/wp-json\/wp\/v2\/types\/post"}],"author":[{"embeddable":true,"href":"https:\/\/www.luizmendes.org\/wordpress\/wp-json\/wp\/v2\/users\/14"}],"replies":[{"embeddable":true,"href":"https:\/\/www.luizmendes.org\/wordpress\/wp-json\/wp\/v2\/comments?post=3089"}],"version-history":[{"count":1,"href":"https:\/\/www.luizmendes.org\/wordpress\/wp-json\/wp\/v2\/posts\/3089\/revisions"}],"predecessor-version":[{"id":3090,"href":"https:\/\/www.luizmendes.org\/wordpress\/wp-json\/wp\/v2\/posts\/3089\/revisions\/3090"}],"wp:featuredmedia":[{"embeddable":true,"href":"https:\/\/www.luizmendes.org\/wordpress\/wp-json\/wp\/v2\/media\/2585"}],"wp:attachment":[{"href":"https:\/\/www.luizmendes.org\/wordpress\/wp-json\/wp\/v2\/media?parent=3089"}],"wp:term":[{"taxonomy":"category","embeddable":true,"href":"https:\/\/www.luizmendes.org\/wordpress\/wp-json\/wp\/v2\/categories?post=3089"},{"taxonomy":"post_tag","embeddable":true,"href":"https:\/\/www.luizmendes.org\/wordpress\/wp-json\/wp\/v2\/tags?post=3089"}],"curies":[{"name":"wp","href":"https:\/\/api.w.org\/{rel}","templated":true}]}}